{"id":4847,"date":"2019-04-22T14:03:20","date_gmt":"2019-04-22T17:03:20","guid":{"rendered":"https:\/\/elalmacen.cl\/software-de-punto-de-venta\/?p=4847"},"modified":"2019-04-22T14:17:18","modified_gmt":"2019-04-22T17:17:18","slug":"fondo-concursable-digitaliza-tu-almacen","status":"publish","type":"post","link":"https:\/\/elalmacen.cl\/software-de-punto-de-venta\/fondo-concursable-digitaliza-tu-almacen\/","title":{"rendered":"Fondo Concursable Digitaliza tu Almac\u00e9n"},"content":{"rendered":"<p><strong>CHILE \/ Dalcahue : Esta convocatoria cierra el 29 de marzo a las 15:00 hrs.<br \/>\nPara aclarar dudas y resolver consultas, se invita a todos los interesados a participar de una reuni\u00f3n el d\u00eda 20 de marzo a las 11:00 hrs en Calle Manuel Rodr\u00edguez (Ex IEF), Dalcahue.<\/strong><\/p>\n<p>Se invita a todos los due\u00f1os de almacenes o minimercados, con un giro asociado a este rubro, con una antig\u00fcedad superior a 12 meses y con ventas anuales a inferiores a 5.000 UF (134 millones de pesos), a participar de la convocatoria 2019 del Programa Almacenes Chile de Sercotec. Este a\u00f1o el concurso se denomina \u201cFondo Concursable Digitaliza Tu almac\u00e9n\u201d.<br \/>\n\u00bfQu\u00e9 es? Es un subsidio no reembolsable de hasta 2 millones de pesos, con un aporte m\u00ednimo de un 20%, destinado al crecimiento de los Almacenes de Chile a trav\u00e9s de la implementaci\u00f3n de un proyecto el cual incluye el financiamiento de inversiones y de acciones de gesti\u00f3n empresarial, entre \u00e9stas, el uso de tecnolog\u00edas digitales que aporten nuevos conocimientos para la gesti\u00f3n del almac\u00e9n y la captura de nuevas oportunidades de negocio.<\/p>\n<p><a class=\"cboxElement\" href=\"http:\/\/www.munidalcahue.cl\/portal\/wp-content\/uploads\/2019\/03\/21d0511a-1293-499c-a9e0-8173d4df08ef.jpg\"><img loading=\"lazy\" decoding=\"async\" class=\"alignleft size-medium wp-image-3207 colorbox-3200\" src=\"https:\/\/www.munidalcahue.cl\/portal\/wp-content\/uploads\/2019\/03\/21d0511a-1293-499c-a9e0-8173d4df08ef-300x225.jpg\" alt=\"21d0511a-1293-499c-a9e0-8173d4df08ef\" width=\"300\" height=\"225\" \/><\/a><\/p>\n<p>Se invita a los interesados a inscribirse en la p\u00e1gina de Sercotec, participar de un curso de capacitaci\u00f3n en l\u00ednea disponible en la plataforma\u00a0<strong>www.almacenesdechile.cl<\/strong>\u00a0y finalmente completar y enviar el formulario de postulaci\u00f3n a trav\u00e9s de la p\u00e1gina\u00a0<strong>www.sercotec.cl<\/strong><strong>.<br \/>\nEsta convocatoria cierra el 29 de marzo a las 15:00 hrs.<br \/>\nPara aclarar dudas y resolver consultas, se invita a todos los interesados a participar de una reuni\u00f3n el d\u00eda 20 de marzo a las 11:00 hrs en Calle Manuel Rodr\u00edguez (Ex IEF), Dalcahue.<\/strong><\/p>\n<p>&nbsp;<\/p>\n<p>&nbsp;<\/p>\n<div><strong>Visite la p\u00e1gina del Software El Almac\u00e9n<\/strong><\/div>\n<div><a href=\"http:\/\/www.elalmacen.cl\/new\">www.elalmacen.cl<\/a><\/div>\n<div><\/div>\n<div><strong>Visite la p\u00e1gina Almacenes de Chile<\/strong><\/div>\n<div><a href=\"http:\/\/www.almacenesdechile.cl\/\">www.almacenesdechile.cl<\/a><\/div>\n<p><strong>Fuente<\/strong>:<\/p>\n<p><a href=\"http:\/\/www.munidalcahue.cl\/portal\/fondo-concursable-digitaliza-tu-almacen\/\">http:\/\/www.munidalcahue.cl\/portal\/fondo-concursable-digitaliza-tu-almacen\/<\/a><\/p>\n","protected":false},"excerpt":{"rendered":"<p>CHILE \/ Dalcahue : Esta convocatoria cierra el 29 de marzo a las 15:00 hrs. Para aclarar dudas y resolver consultas, se invita a todos los interesados a participar de una reuni\u00f3n el d\u00eda 20 de marzo a las 11:00 hrs en Calle Manuel Rodr\u00edguez (Ex IEF), Dalcahue. Se invita a todos los due\u00f1os de almacenes o minimercados, con un giro asociado a este rubro, con una antig\u00fcedad superior a 12 meses y con ventas anuales a inferiores a 5.000 UF (134 millones de pesos), a participar de la convocatoria 2019 del Programa Almacenes Chile de Sercotec. Este a\u00f1o el [&hellip;]<\/p>\n","protected":false},"author":1,"featured_media":4848,"comment_status":"open","ping_status":"closed","sticky":false,"template":"","format":"standard","meta":{"footnotes":""},"categories":[1455,1454,1452,1453,1456],"tags":[1465,1466,1467,1468,1469,1470,1471,1472,1473,1474],"class_list":["post-4847","post","type-post","status-publish","format-standard","has-post-thumbnail","hentry","category-beneficios","category-concursos","category-noticias","category-novedades","category-vida-de-barrio","tag-almacenes-de-chile","tag-digitaliza-tu-almacen","tag-hasta-2-millones-de-pesos","tag-kit-pos","tag-negocios-de-barrio","tag-punto-de-venta","tag-sercotec","tag-software-de-punto-de-venta","tag-software-el-almacen","tag-software-pos"],"featured_image_src":{"landsacpe":["https:\/\/elalmacen.cl\/software-de-punto-de-venta\/wp-content\/uploads\/2019\/04\/2019-03-20_19-22_Fondo-Concursable-Digitaliza.jpg",659,329,false],"list":["https:\/\/elalmacen.cl\/software-de-punto-de-venta\/wp-content\/uploads\/2019\/04\/2019-03-20_19-22_Fondo-Concursable-Digitaliza-463x329.jpg",463,329,true],"medium":["https:\/\/elalmacen.cl\/software-de-punto-de-venta\/wp-content\/uploads\/2019\/04\/2019-03-20_19-22_Fondo-Concursable-Digitaliza-300x150.jpg",300,150,true],"full":["https:\/\/elalmacen.cl\/software-de-punto-de-venta\/wp-content\/uploads\/2019\/04\/2019-03-20_19-22_Fondo-Concursable-Digitaliza.jpg",659,329,false]},"_links":{"self":[{"href":"https:\/\/elalmacen.cl\/software-de-punto-de-venta\/wp-json\/wp\/v2\/posts\/4847","targetHints":{"allow":["GET"]}}],"collection":[{"href":"https:\/\/elalmacen.cl\/software-de-punto-de-venta\/wp-json\/wp\/v2\/posts"}],"about":[{"href":"https:\/\/elalmacen.cl\/software-de-punto-de-venta\/wp-json\/wp\/v2\/types\/post"}],"author":[{"embeddable":true,"href":"https:\/\/elalmacen.cl\/software-de-punto-de-venta\/wp-json\/wp\/v2\/users\/1"}],"replies":[{"embeddable":true,"href":"https:\/\/elalmacen.cl\/software-de-punto-de-venta\/wp-json\/wp\/v2\/comments?post=4847"}],"version-history":[{"count":1,"href":"https:\/\/elalmacen.cl\/software-de-punto-de-venta\/wp-json\/wp\/v2\/posts\/4847\/revisions"}],"predecessor-version":[{"id":4849,"href":"https:\/\/elalmacen.cl\/software-de-punto-de-venta\/wp-json\/wp\/v2\/posts\/4847\/revisions\/4849"}],"wp:featuredmedia":[{"embeddable":true,"href":"https:\/\/elalmacen.cl\/software-de-punto-de-venta\/wp-json\/wp\/v2\/media\/4848"}],"wp:attachment":[{"href":"https:\/\/elalmacen.cl\/software-de-punto-de-venta\/wp-json\/wp\/v2\/media?parent=4847"}],"wp:term":[{"taxonomy":"category","embeddable":true,"href":"https:\/\/elalmacen.cl\/software-de-punto-de-venta\/wp-json\/wp\/v2\/categories?post=4847"},{"taxonomy":"post_tag","embeddable":true,"href":"https:\/\/elalmacen.cl\/software-de-punto-de-venta\/wp-json\/wp\/v2\/tags?post=4847"}],"curies":[{"name":"wp","href":"https:\/\/api.w.org\/{rel}","templated":true}]}}